{"id":14008,"date":"2024-03-11T11:32:29","date_gmt":"2024-03-11T11:32:29","guid":{"rendered":"https:\/\/rubnv103.sg-host.com\/?p=14008"},"modified":"2024-03-11T11:32:29","modified_gmt":"2024-03-11T11:32:29","slug":"ascale-hotel-conquers-las-ventas-at-the-miad-fair","status":"publish","type":"post","link":"https:\/\/www.ascale.es\/en\/ascale-hotel-conquers-las-ventas-at-the-miad-fair\/","title":{"rendered":"Ascale Hotel conquers Las Ventas at the MIAD fair"},"content":{"rendered":"\n<p>Inspirado en el enclave neomud\u00e9jar de Las Ventas y en los valores de la marca Ascale, la dise\u00f1adora\u00a0<strong><a href=\"https:\/\/carrillo.es\/\">Laura Carrillo<\/a><\/strong>\u00a0ha proyectado un espacio \u00fanico para el espacio que la marca de Grupo Pamesa ha llevado a Miad, la feria madrile\u00f1a del dise\u00f1o. El espacio ha sido cuidado al detalle, hasta el punto de que permite imaginar una experiencia real en esta suite de m\u00e1s de 60 m<sup>2<\/sup>.<\/p>\n\n<p>El porcel\u00e1nico de gran formato de <strong>Ascale<\/strong> ha inspirado a la interiorista a imaginar a lo grande y mostrar la gran versatilidad y elegancia con que estos materiales se pueden desenvolver en los escenarios m\u00e1s exigentes. El propio logo de la marca, sirve de hilo conductor en el espacio, siendo el c\u00edrculo (como el de la A de Ascale) un s\u00edmbolo recurrente en diferentes formatos y matices: el imponente dise\u00f1o circular estilo art-dec\u00f3 en el suelo, el cuadro que enmarca la zona de estar, las formas circulares de los lucernarios en el techo o el sof\u00e1 curvo de la firma italiana <a href=\"https:\/\/pianca.com\/es\/\">Pianca<\/a>.<\/p>\n\n<p>Los materiales de Ascale son adem\u00e1s completamente reciclables por lo que, su uso en espacios contract suponen una clara apuesta por la sostenibilidad. La est\u00e9tica del proyecto habla de un lujo vinculado al entorno, a la calidad y al bienestar: un lujo no ostentoso ni barroco y que sin embargo se define por los detalles, la arquitectura, el dise\u00f1o y la tecnolog\u00eda, con los acabados de la m\u00e1s alta calidad.<\/p>\n\n<p>Un proyecto vinculado a su entorno: que respeta su historia, profundiza en sus ra\u00edces y las conecta con el momento contempor\u00e1neo. La monumental plaza de toros de Las Ventas es en s\u00ed un verdadero lujo por su historia y su arquitectura. De su tan caracter\u00edstica construcci\u00f3n en ladrillo ha extra\u00eddo Laura Carrillo la tonalidad terracota que forma otro hilo conductor en toda la suite en diferentes gamas y acabados.<\/p>\n\n<p>Un proyecto vinculado a la calidad y el bienestar: porque la experiencia nos demuestra que la calidad permanece e influye satisfactoriamente en nuestras vidas y el bienestar como \u00faltimo objetivo es la m\u00e1xima finalidad en cualquier hotel de lujo.<\/p>\n\n<figure class=\"wp-block-image\"><img decoding=\"async\" src=\"https:\/\/castellonplaza.com\/public\/Image\/2024\/3\/ASCALEYLAURACARRILLO-MIAD2_LOW_forCrop.jpg\" alt=\"\"\/><\/figure>\n\n<p><\/p>\n\n<p>Y entendiendo el disfrute y confort como lujo es inevitable hablar de <a href=\"https:\/\/www.gessi.com\/\">Gessi<\/a>: m\u00e1s all\u00e1 de la innegable belleza de sus dise\u00f1os, la firma italiana redefine el concepto del ba\u00f1o con su universo\u00a0<em>private wellness<\/em>. En esta suite, el ba\u00f1o es un espacio abierto que invita a la desconexi\u00f3n y disfrute del espacio en si mismo, aprovechando la atm\u00f3sfera creada a trav\u00e9s de otros elementos sensoriales como la iluminaci\u00f3n el sonido o el aroma. La zona\u00a0<em>private wellness\u00a0<\/em>es un aut\u00e9ntico oasis del bienestar.<\/p>\n\n<p>La tecnolog\u00eda al servicio de la experiencia, un plus que no pod\u00eda faltar: Gracias a la colaboraci\u00f3n especial de <a href=\"https:\/\/www.gira.com\/es\/es\/\">Gira<\/a> la firma castellonense ha conseguido crear una experiencia completa para el hu\u00e9sped, acompa\u00f1ando a la parte de dise\u00f1o del proyecto con la parte m\u00e1s sensorial, creando una experiencia 360.<\/p>\n\n<p>De la mano de Gira se atreve as\u00ed a integrar tecnolog\u00eda en este proyecto, generando ambientes, punto de diferenciaci\u00f3n donde el cliente con un simple toque puede adaptar por completo el espacio a su gusto o estado de \u00e1nimo.<\/p>\n\n<p>Gracias al hecho de que es pionera en el dise\u00f1o de mecanismos, Gira ha podido encajar a la perfecci\u00f3n en el hilo conductor del proyecto, el c\u00edrculo, gracias a su serie Gira Studio, circular y de cristal.<\/p>\n\n<p>Premiada la edici\u00f3n anterior de Marbella Design por \u201c<em>la mejor fusi\u00f3n entre arte e interiorismo<\/em>\u201d, Laura Carrillo vuelve a apostar por crear un proyecto de primera clase vertebrado por el color y la elegancia que se unen a la m\u00e1xima calidad del producto de Ascale.<\/p>\n\n<figure class=\"wp-block-gallery has-nested-images columns-default is-cropped wp-block-gallery-1 is-layout-flex wp-block-gallery-is-layout-flex\">\n<figure class=\"wp-block-image size-large\"><img decoding=\"async\" data-id=\"13990\" src=\"https:\/\/www.ascale.es\/wp-content\/uploads\/2024\/03\/ASCALE-Y-LAURA-CARRILLO-MIAD-1_LOW-683x1024.jpg\" alt=\"\" class=\"wp-image-13990\"\/><\/figure>\n\n\n\n<figure class=\"wp-block-image size-large\"><img decoding=\"async\" data-id=\"13998\" src=\"https:\/\/www.ascale.es\/wp-content\/uploads\/2024\/03\/ASCALE-Y-LAURA-CARRILLO-MIAD-3_LOW-683x1024.jpg\" alt=\"\" class=\"wp-image-13998\"\/><\/figure>\n<\/figure>\n\n<p>Fotograf\u00eda: <a href=\"https:\/\/www.palomapachecoturnes.com\/\">PALOMA PACHECO TURN\u00c9S<\/a><\/p>\n\n<p>Materiales Ascale: <a href=\"https:\/\/www.ascale.es\/en\/colecciones\/laurent-black\/\">LAURENT BLACK<\/a>, <a href=\"https:\/\/www.ascale.es\/en\/colecciones\/borgogna-silver\/\">BORGOGNA SILVER<\/a>, B<a href=\"https:\/\/www.ascale.es\/en\/colecciones\/boreal-umber\/\">OREAL UMBER<\/a>, <a href=\"https:\/\/www.ascale.es\/en\/colecciones\/macchia-vecchia-gold\/\">MACCHIA VECCHIA<\/a><\/p>\n","protected":false},"excerpt":{"rendered":"<p>Inspirado en el enclave neomud\u00e9jar de Las Ventas y en los valores de la marca Ascale, la dise\u00f1adora\u00a0Laura Carrillo\u00a0ha proyectado un espacio \u00fanico para el espacio que la marca de Grupo Pamesa ha llevado a Miad, la feria madrile\u00f1a del dise\u00f1o. El espacio ha sido cuidado al detalle, hasta el punto de que permite imaginar [&hellip;]<\/p>\n","protected":false},"author":1,"featured_media":13980,"comment_status":"open","ping_status":"closed","sticky":false,"template":"","format":"standard","meta":{"_monsterinsights_skip_tracking":false,"_monsterinsights_sitenote_active":false,"_monsterinsights_sitenote_note":"","_monsterinsights_sitenote_category":0,"footnotes":""},"categories":[3,12],"tags":[],"class_list":["post-14008","post","type-post","status-publish","format-standard","has-post-thumbnail","hentry","category-collections","category-blog-en"],"aioseo_notices":[],"_links":{"self":[{"href":"https:\/\/www.ascale.es\/en\/wp-json\/wp\/v2\/posts\/14008","targetHints":{"allow":["GET"]}}],"collection":[{"href":"https:\/\/www.ascale.es\/en\/wp-json\/wp\/v2\/posts"}],"about":[{"href":"https:\/\/www.ascale.es\/en\/wp-json\/wp\/v2\/types\/post"}],"author":[{"embeddable":true,"href":"https:\/\/www.ascale.es\/en\/wp-json\/wp\/v2\/users\/1"}],"replies":[{"embeddable":true,"href":"https:\/\/www.ascale.es\/en\/wp-json\/wp\/v2\/comments?post=14008"}],"version-history":[{"count":0,"href":"https:\/\/www.ascale.es\/en\/wp-json\/wp\/v2\/posts\/14008\/revisions"}],"wp:featuredmedia":[{"embeddable":true,"href":"https:\/\/www.ascale.es\/en\/wp-json\/wp\/v2\/media\/13980"}],"wp:attachment":[{"href":"https:\/\/www.ascale.es\/en\/wp-json\/wp\/v2\/media?parent=14008"}],"wp:term":[{"taxonomy":"category","embeddable":true,"href":"https:\/\/www.ascale.es\/en\/wp-json\/wp\/v2\/categories?post=14008"},{"taxonomy":"post_tag","embeddable":true,"href":"https:\/\/www.ascale.es\/en\/wp-json\/wp\/v2\/tags?post=14008"}],"curies":[{"name":"wp","href":"https:\/\/api.w.org\/{rel}","templated":true}]}}